{"id":10421,"date":"2021-11-04T10:00:00","date_gmt":"2021-11-04T10:00:00","guid":{"rendered":"https:\/\/www.opensolar.com\/post\/auf-dem-heimweg-von-der-cop26\/"},"modified":"2025-01-24T10:27:18","modified_gmt":"2025-01-24T10:27:18","slug":"auf-dem-heimweg-von-der-cop26","status":"publish","type":"post","link":"https:\/\/www.opensolar.com\/de\/post\/auf-dem-heimweg-von-der-cop26\/","title":{"rendered":"Auf dem Heimweg von der COP26"},"content":{"rendered":"<section id=\"one-column-block_7ab007321a334c4615a834b7bb48a27e\" class=\"one-column bs-h-regular bs-tp-none bs-sp-regular bs-bp-regular light-mode  background-none\" style=\"\">\n\t<div class=\"block-style-default\">\n\t\t\t\t<div class=\"center-column no-top-padding\">\n\t\t\t\t\t\t\t\t\t\t\t\t\t\t\t\t\t\t<div class=\"text-space left\">\n\t\t\t\t\t\t\t\t\t\t\t\t\t\t\t\t\t\t\t\t\t<div class=\"text light-mode\"><p id=\"viewer-foo\" class=\"xVISr Y9Dpf bCMSCT OZy-3 lnyWN yMZv8w bCMSCT public-DraftStyleDefault-block-depth0 fixed-tab-size public-DraftStyleDefault-text-ltr\"><span class=\"B2EFF public-DraftStyleDefault-ltr\">W\u00e4hrend ich \u00fcber die hektischen drei Tage auf der COP nachdenke, lese ich, dass in Glasgow eigentlich zwei Konferenzen stattfanden: eine f\u00fcr die Politiker und eine andere ( &gt;100 Veranstaltungsorte in der ganzen Stadt) f\u00fcr die Unternehmer.  <\/span><\/p>\n<\/div>\t\t\t\t\t\t<\/div>\n\t\t\t\t\t\t\t\t\t\t\t\t\t\t\t\t\t\t\t\t<div class=\"text-space left\">\n\t\t\t\t\t\t\t\t\t\t\t\t\t\t\t\t\t\t\t\t\t<div class=\"text light-mode\"><p id=\"viewer-b2tom\">Bei ersterem denke ich, dass die Politiker zum 26. Mal keine ausreichenden und aktuellen Ma\u00dfnahmen ergreifen werden. Ich k\u00f6nnte mich irren, aber ich sehe kein baldiges Ende der Subventionen f\u00fcr fossile Brennstoffe &#8211; sie k\u00f6nnen den offensichtlichen saubereren, billigeren und besseren Weg einfach nicht begreifen.<\/p>\n<p>Aber wir k\u00f6nnen gewinnen, weil wir die letztere Gruppe haben &#8211; die Unternehmer, die K\u00e4mpfer, die Leute, die sich jeden Tag den Arsch aufrei\u00dfen, um uns dahin zu bringen. Ich sch\u00f6pfe Hoffnung aus der immensen und vielf\u00e4ltigen Kraft der Tausenden von Kleinunternehmen, die Probleme l\u00f6sen, den gro\u00dfen B\u00f6sewichten Konkurrenz machen und die Zukunft ver\u00e4ndern. Es gibt einfach so viele leidenschaftliche Unternehmer, die so viel unter dem Radar der COP-Medienberichterstattung tun, und es war ein gro\u00dfartiges Gef\u00fchl, ein Teil davon zu sein und 2.0 als eine dieser Innovationen zu lancieren. Innovationen, die einen bedeutenden Wandel bewirken k\u00f6nnen &#8211; und das hier in Schottland im Namen unseres gro\u00dfartigen OpenSolar-Teams! Das war gro\u00dfartig! Vielen Dank an alle, die an der Einf\u00fchrung von 2.0 teilgenommen haben, aus der ganzen Welt &#8211; die Solarfachleute, die Solarhelden. Ich hoffe, Ihnen haben die neuen Funktionen und Integrationen gefallen! Und es wird noch mehr kommen. Wir k\u00f6nnen noch gewinnen! Wir werden gewinnen, gerade noch rechtzeitig, um die Klimaproblematik zu l\u00f6sen, hoffe ich! Hier ist mein kurzer Clip von der Konferenz der Politiker, w\u00e4hrend ich mich bis zum n\u00e4chsten Mal aus Schottland verabschiede&#8230;    <\/p>\n<\/div>\t\t\t\t\t\t<\/div>\n\t\t\t\t\t\t\t\t\t\t\t\t\t\t<\/div>\n\t<\/div>\n<\/section>","protected":false},"excerpt":{"rendered":"<p>W\u00e4hrend ich \u00fcber die hektischen drei Tage auf der COP nachdenke, lese ich, dass in Glasgow eigentlich zwei Konferenzen stattfanden: eine f\u00fcr&#8230;<\/p>\n","protected":false},"author":3,"featured_media":10422,"comment_status":"open","ping_status":"open","sticky":false,"template":"","format":"standard","meta":{"_acf_changed":false,"footnotes":""},"categories":[1],"authors":[],"class_list":["post-10421","post","type-post","status-publish","format-standard","has-post-thumbnail","hentry","category-uncategorized"],"acf":[],"yoast_head":"<!-- This site is optimized with the Yoast SEO Premium plugin v26.6 (Yoast SEO v26.6) - https:\/\/yoast.com\/wordpress\/plugins\/seo\/ -->\n<title>Auf dem Heimweg von der COP26 | OpenSolar<\/title>\n<meta name=\"robots\" content=\"index, follow, max-snippet:-1, max-image-preview:large, max-video-preview:-1\" \/>\n<link rel=\"canonical\" href=\"https:\/\/www.opensolar.com\/de\/post\/auf-dem-heimweg-von-der-cop26\/\" \/>\n<meta property=\"og:locale\" content=\"de_DE\" \/>\n<meta property=\"og:type\" content=\"article\" \/>\n<meta property=\"og:title\" content=\"Auf dem Heimweg von der COP26\" \/>\n<meta property=\"og:description\" content=\"W\u00e4hrend ich \u00fcber die hektischen drei Tage auf der COP nachdenke, lese ich, dass in Glasgow eigentlich zwei Konferenzen stattfanden: eine f\u00fcr...\" \/>\n<meta property=\"og:url\" content=\"https:\/\/www.opensolar.com\/de\/post\/auf-dem-heimweg-von-der-cop26\/\" \/>\n<meta property=\"og:site_name\" content=\"OpenSolar\" \/>\n<meta property=\"article:publisher\" content=\"https:\/\/www.facebook.com\/OpenSolarGlobal\/\" \/>\n<meta property=\"article:published_time\" content=\"2021-11-04T10:00:00+00:00\" \/>\n<meta property=\"article:modified_time\" content=\"2025-01-24T10:27:18+00:00\" \/>\n<meta property=\"og:image\" content=\"https:\/\/www.opensolar.com\/wp-content\/uploads\/2021\/11\/cop26.png\" \/>\n\t<meta property=\"og:image:width\" content=\"1452\" \/>\n\t<meta property=\"og:image:height\" content=\"700\" \/>\n\t<meta property=\"og:image:type\" content=\"image\/png\" \/>\n<meta name=\"twitter:card\" content=\"summary_large_image\" \/>\n<meta name=\"twitter:creator\" content=\"@opensolar\" \/>\n<meta name=\"twitter:site\" content=\"@opensolar\" \/>\n<script type=\"application\/ld+json\" class=\"yoast-schema-graph\">{\"@context\":\"https:\/\/schema.org\",\"@graph\":[{\"@type\":[\"Article\",\"BlogPosting\"],\"@id\":\"https:\/\/www.opensolar.com\/de\/post\/auf-dem-heimweg-von-der-cop26\/#article\",\"isPartOf\":{\"@id\":\"https:\/\/www.opensolar.com\/de\/post\/auf-dem-heimweg-von-der-cop26\/\"},\"author\":{\"name\":\"Ivan Semak\",\"@id\":\"https:\/\/www.opensolar.com\/de\/#\/schema\/person\/8c70ef663cc61e3f86b7d9905bcd0380\"},\"headline\":\"Auf dem Heimweg von der COP26\",\"datePublished\":\"2021-11-04T10:00:00+00:00\",\"dateModified\":\"2025-01-24T10:27:18+00:00\",\"mainEntityOfPage\":{\"@id\":\"https:\/\/www.opensolar.com\/de\/post\/auf-dem-heimweg-von-der-cop26\/\"},\"wordCount\":6,\"commentCount\":0,\"publisher\":{\"@id\":\"https:\/\/www.opensolar.com\/de\/#organization\"},\"image\":{\"@id\":\"https:\/\/www.opensolar.com\/de\/post\/auf-dem-heimweg-von-der-cop26\/#primaryimage\"},\"thumbnailUrl\":\"https:\/\/i0.wp.com\/www.opensolar.com\/wp-content\/uploads\/2021\/11\/cop26.png?fit=1452%2C700&quality=80&ssl=1\",\"articleSection\":[\"Uncategorized\"],\"inLanguage\":\"de-DE\",\"potentialAction\":[{\"@type\":\"CommentAction\",\"name\":\"Comment\",\"target\":[\"https:\/\/www.opensolar.com\/de\/post\/auf-dem-heimweg-von-der-cop26\/#respond\"]}]},{\"@type\":\"WebPage\",\"@id\":\"https:\/\/www.opensolar.com\/de\/post\/auf-dem-heimweg-von-der-cop26\/\",\"url\":\"https:\/\/www.opensolar.com\/de\/post\/auf-dem-heimweg-von-der-cop26\/\",\"name\":\"Auf dem Heimweg von der COP26 | OpenSolar\",\"isPartOf\":{\"@id\":\"https:\/\/www.opensolar.com\/de\/#website\"},\"primaryImageOfPage\":{\"@id\":\"https:\/\/www.opensolar.com\/de\/post\/auf-dem-heimweg-von-der-cop26\/#primaryimage\"},\"image\":{\"@id\":\"https:\/\/www.opensolar.com\/de\/post\/auf-dem-heimweg-von-der-cop26\/#primaryimage\"},\"thumbnailUrl\":\"https:\/\/i0.wp.com\/www.opensolar.com\/wp-content\/uploads\/2021\/11\/cop26.png?fit=1452%2C700&quality=80&ssl=1\",\"datePublished\":\"2021-11-04T10:00:00+00:00\",\"dateModified\":\"2025-01-24T10:27:18+00:00\",\"breadcrumb\":{\"@id\":\"https:\/\/www.opensolar.com\/de\/post\/auf-dem-heimweg-von-der-cop26\/#breadcrumb\"},\"inLanguage\":\"de-DE\",\"potentialAction\":[{\"@type\":\"ReadAction\",\"target\":[\"https:\/\/www.opensolar.com\/de\/post\/auf-dem-heimweg-von-der-cop26\/\"]}]},{\"@type\":\"ImageObject\",\"inLanguage\":\"de-DE\",\"@id\":\"https:\/\/www.opensolar.com\/de\/post\/auf-dem-heimweg-von-der-cop26\/#primaryimage\",\"url\":\"https:\/\/i0.wp.com\/www.opensolar.com\/wp-content\/uploads\/2021\/11\/cop26.png?fit=1452%2C700&quality=80&ssl=1\",\"contentUrl\":\"https:\/\/i0.wp.com\/www.opensolar.com\/wp-content\/uploads\/2021\/11\/cop26.png?fit=1452%2C700&quality=80&ssl=1\",\"width\":1452,\"height\":700},{\"@type\":\"BreadcrumbList\",\"@id\":\"https:\/\/www.opensolar.com\/de\/post\/auf-dem-heimweg-von-der-cop26\/#breadcrumb\",\"itemListElement\":[{\"@type\":\"ListItem\",\"position\":1,\"name\":\"Home\",\"item\":\"https:\/\/www.opensolar.com\/de\/\"},{\"@type\":\"ListItem\",\"position\":2,\"name\":\"Auf dem Heimweg von der COP26\"}]},{\"@type\":\"WebSite\",\"@id\":\"https:\/\/www.opensolar.com\/de\/#website\",\"url\":\"https:\/\/www.opensolar.com\/de\/\",\"name\":\"OpenSolar\",\"description\":\"Solar Design And Proposal Software\",\"publisher\":{\"@id\":\"https:\/\/www.opensolar.com\/de\/#organization\"},\"potentialAction\":[{\"@type\":\"SearchAction\",\"target\":{\"@type\":\"EntryPoint\",\"urlTemplate\":\"https:\/\/www.opensolar.com\/de\/?s={search_term_string}\"},\"query-input\":{\"@type\":\"PropertyValueSpecification\",\"valueRequired\":true,\"valueName\":\"search_term_string\"}}],\"inLanguage\":\"de-DE\"},{\"@type\":\"Organization\",\"@id\":\"https:\/\/www.opensolar.com\/de\/#organization\",\"name\":\"OpenSolar\",\"url\":\"https:\/\/www.opensolar.com\/de\/\",\"logo\":{\"@type\":\"ImageObject\",\"inLanguage\":\"de-DE\",\"@id\":\"https:\/\/www.opensolar.com\/de\/#\/schema\/logo\/image\/\",\"url\":\"https:\/\/www.opensolar.com\/wp-content\/uploads\/2026\/03\/OpenSolar-Horizontal-Color.svg\",\"contentUrl\":\"https:\/\/www.opensolar.com\/wp-content\/uploads\/2026\/03\/OpenSolar-Horizontal-Color.svg\",\"caption\":\"OpenSolar\"},\"image\":{\"@id\":\"https:\/\/www.opensolar.com\/de\/#\/schema\/logo\/image\/\"},\"sameAs\":[\"https:\/\/www.facebook.com\/OpenSolarGlobal\/\",\"https:\/\/x.com\/opensolar\",\"https:\/\/www.instagram.com\/open.solar\/\",\"https:\/\/www.linkedin.com\/company\/14522819\",\"https:\/\/www.youtube.com\/channel\/UCw3mdQ_ilIq9ZrPpCa_VOnA\/videos\"],\"description\":\"The world's leading solar design and proposal software. Free of charge so you're free to grow.\"},{\"@type\":\"Person\",\"@id\":\"https:\/\/www.opensolar.com\/de\/#\/schema\/person\/8c70ef663cc61e3f86b7d9905bcd0380\",\"name\":\"Ivan Semak\",\"image\":{\"@type\":\"ImageObject\",\"inLanguage\":\"de-DE\",\"@id\":\"https:\/\/www.opensolar.com\/de\/#\/schema\/person\/image\/\",\"url\":\"https:\/\/secure.gravatar.com\/avatar\/79747875d9219da30849e66c71deea0b395a4376acd4846c9ce12c5ccafd9504?s=96&d=mm&r=g\",\"contentUrl\":\"https:\/\/secure.gravatar.com\/avatar\/79747875d9219da30849e66c71deea0b395a4376acd4846c9ce12c5ccafd9504?s=96&d=mm&r=g\",\"caption\":\"Ivan Semak\"}}]}<\/script>\n<!-- \/ Yoast SEO Premium plugin. -->","yoast_head_json":{"title":"Auf dem Heimweg von der COP26 | OpenSolar","robots":{"index":"index","follow":"follow","max-snippet":"max-snippet:-1","max-image-preview":"max-image-preview:large","max-video-preview":"max-video-preview:-1"},"canonical":"https:\/\/www.opensolar.com\/de\/post\/auf-dem-heimweg-von-der-cop26\/","og_locale":"de_DE","og_type":"article","og_title":"Auf dem Heimweg von der COP26","og_description":"W\u00e4hrend ich \u00fcber die hektischen drei Tage auf der COP nachdenke, lese ich, dass in Glasgow eigentlich zwei Konferenzen stattfanden: eine f\u00fcr...","og_url":"https:\/\/www.opensolar.com\/de\/post\/auf-dem-heimweg-von-der-cop26\/","og_site_name":"OpenSolar","article_publisher":"https:\/\/www.facebook.com\/OpenSolarGlobal\/","article_published_time":"2021-11-04T10:00:00+00:00","article_modified_time":"2025-01-24T10:27:18+00:00","og_image":[{"width":1452,"height":700,"url":"https:\/\/www.opensolar.com\/wp-content\/uploads\/2021\/11\/cop26.png","type":"image\/png"}],"twitter_card":"summary_large_image","twitter_creator":"@opensolar","twitter_site":"@opensolar","schema":{"@context":"https:\/\/schema.org","@graph":[{"@type":["Article","BlogPosting"],"@id":"https:\/\/www.opensolar.com\/de\/post\/auf-dem-heimweg-von-der-cop26\/#article","isPartOf":{"@id":"https:\/\/www.opensolar.com\/de\/post\/auf-dem-heimweg-von-der-cop26\/"},"author":{"name":"Ivan Semak","@id":"https:\/\/www.opensolar.com\/de\/#\/schema\/person\/8c70ef663cc61e3f86b7d9905bcd0380"},"headline":"Auf dem Heimweg von der COP26","datePublished":"2021-11-04T10:00:00+00:00","dateModified":"2025-01-24T10:27:18+00:00","mainEntityOfPage":{"@id":"https:\/\/www.opensolar.com\/de\/post\/auf-dem-heimweg-von-der-cop26\/"},"wordCount":6,"commentCount":0,"publisher":{"@id":"https:\/\/www.opensolar.com\/de\/#organization"},"image":{"@id":"https:\/\/www.opensolar.com\/de\/post\/auf-dem-heimweg-von-der-cop26\/#primaryimage"},"thumbnailUrl":"https:\/\/i0.wp.com\/www.opensolar.com\/wp-content\/uploads\/2021\/11\/cop26.png?fit=1452%2C700&quality=80&ssl=1","articleSection":["Uncategorized"],"inLanguage":"de-DE","potentialAction":[{"@type":"CommentAction","name":"Comment","target":["https:\/\/www.opensolar.com\/de\/post\/auf-dem-heimweg-von-der-cop26\/#respond"]}]},{"@type":"WebPage","@id":"https:\/\/www.opensolar.com\/de\/post\/auf-dem-heimweg-von-der-cop26\/","url":"https:\/\/www.opensolar.com\/de\/post\/auf-dem-heimweg-von-der-cop26\/","name":"Auf dem Heimweg von der COP26 | OpenSolar","isPartOf":{"@id":"https:\/\/www.opensolar.com\/de\/#website"},"primaryImageOfPage":{"@id":"https:\/\/www.opensolar.com\/de\/post\/auf-dem-heimweg-von-der-cop26\/#primaryimage"},"image":{"@id":"https:\/\/www.opensolar.com\/de\/post\/auf-dem-heimweg-von-der-cop26\/#primaryimage"},"thumbnailUrl":"https:\/\/i0.wp.com\/www.opensolar.com\/wp-content\/uploads\/2021\/11\/cop26.png?fit=1452%2C700&quality=80&ssl=1","datePublished":"2021-11-04T10:00:00+00:00","dateModified":"2025-01-24T10:27:18+00:00","breadcrumb":{"@id":"https:\/\/www.opensolar.com\/de\/post\/auf-dem-heimweg-von-der-cop26\/#breadcrumb"},"inLanguage":"de-DE","potentialAction":[{"@type":"ReadAction","target":["https:\/\/www.opensolar.com\/de\/post\/auf-dem-heimweg-von-der-cop26\/"]}]},{"@type":"ImageObject","inLanguage":"de-DE","@id":"https:\/\/www.opensolar.com\/de\/post\/auf-dem-heimweg-von-der-cop26\/#primaryimage","url":"https:\/\/i0.wp.com\/www.opensolar.com\/wp-content\/uploads\/2021\/11\/cop26.png?fit=1452%2C700&quality=80&ssl=1","contentUrl":"https:\/\/i0.wp.com\/www.opensolar.com\/wp-content\/uploads\/2021\/11\/cop26.png?fit=1452%2C700&quality=80&ssl=1","width":1452,"height":700},{"@type":"BreadcrumbList","@id":"https:\/\/www.opensolar.com\/de\/post\/auf-dem-heimweg-von-der-cop26\/#breadcrumb","itemListElement":[{"@type":"ListItem","position":1,"name":"Home","item":"https:\/\/www.opensolar.com\/de\/"},{"@type":"ListItem","position":2,"name":"Auf dem Heimweg von der COP26"}]},{"@type":"WebSite","@id":"https:\/\/www.opensolar.com\/de\/#website","url":"https:\/\/www.opensolar.com\/de\/","name":"OpenSolar","description":"Solar Design And Proposal Software","publisher":{"@id":"https:\/\/www.opensolar.com\/de\/#organization"},"potentialAction":[{"@type":"SearchAction","target":{"@type":"EntryPoint","urlTemplate":"https:\/\/www.opensolar.com\/de\/?s={search_term_string}"},"query-input":{"@type":"PropertyValueSpecification","valueRequired":true,"valueName":"search_term_string"}}],"inLanguage":"de-DE"},{"@type":"Organization","@id":"https:\/\/www.opensolar.com\/de\/#organization","name":"OpenSolar","url":"https:\/\/www.opensolar.com\/de\/","logo":{"@type":"ImageObject","inLanguage":"de-DE","@id":"https:\/\/www.opensolar.com\/de\/#\/schema\/logo\/image\/","url":"https:\/\/www.opensolar.com\/wp-content\/uploads\/2026\/03\/OpenSolar-Horizontal-Color.svg","contentUrl":"https:\/\/www.opensolar.com\/wp-content\/uploads\/2026\/03\/OpenSolar-Horizontal-Color.svg","caption":"OpenSolar"},"image":{"@id":"https:\/\/www.opensolar.com\/de\/#\/schema\/logo\/image\/"},"sameAs":["https:\/\/www.facebook.com\/OpenSolarGlobal\/","https:\/\/x.com\/opensolar","https:\/\/www.instagram.com\/open.solar\/","https:\/\/www.linkedin.com\/company\/14522819","https:\/\/www.youtube.com\/channel\/UCw3mdQ_ilIq9ZrPpCa_VOnA\/videos"],"description":"The world's leading solar design and proposal software. Free of charge so you're free to grow."},{"@type":"Person","@id":"https:\/\/www.opensolar.com\/de\/#\/schema\/person\/8c70ef663cc61e3f86b7d9905bcd0380","name":"Ivan Semak","image":{"@type":"ImageObject","inLanguage":"de-DE","@id":"https:\/\/www.opensolar.com\/de\/#\/schema\/person\/image\/","url":"https:\/\/secure.gravatar.com\/avatar\/79747875d9219da30849e66c71deea0b395a4376acd4846c9ce12c5ccafd9504?s=96&d=mm&r=g","contentUrl":"https:\/\/secure.gravatar.com\/avatar\/79747875d9219da30849e66c71deea0b395a4376acd4846c9ce12c5ccafd9504?s=96&d=mm&r=g","caption":"Ivan Semak"}}]}},"jetpack_featured_media_url":"https:\/\/i0.wp.com\/www.opensolar.com\/wp-content\/uploads\/2021\/11\/cop26.png?fit=1452%2C700&quality=80&ssl=1","_links":{"self":[{"href":"https:\/\/www.opensolar.com\/de\/wp-json\/wp\/v2\/posts\/10421","targetHints":{"allow":["GET"]}}],"collection":[{"href":"https:\/\/www.opensolar.com\/de\/wp-json\/wp\/v2\/posts"}],"about":[{"href":"https:\/\/www.opensolar.com\/de\/wp-json\/wp\/v2\/types\/post"}],"author":[{"embeddable":true,"href":"https:\/\/www.opensolar.com\/de\/wp-json\/wp\/v2\/users\/3"}],"replies":[{"embeddable":true,"href":"https:\/\/www.opensolar.com\/de\/wp-json\/wp\/v2\/comments?post=10421"}],"version-history":[{"count":0,"href":"https:\/\/www.opensolar.com\/de\/wp-json\/wp\/v2\/posts\/10421\/revisions"}],"wp:featuredmedia":[{"embeddable":true,"href":"https:\/\/www.opensolar.com\/de\/wp-json\/wp\/v2\/media\/10422"}],"wp:attachment":[{"href":"https:\/\/www.opensolar.com\/de\/wp-json\/wp\/v2\/media?parent=10421"}],"wp:term":[{"taxonomy":"category","embeddable":true,"href":"https:\/\/www.opensolar.com\/de\/wp-json\/wp\/v2\/categories?post=10421"},{"taxonomy":"authors","embeddable":true,"href":"https:\/\/www.opensolar.com\/de\/wp-json\/wp\/v2\/authors?post=10421"}],"curies":[{"name":"wp","href":"https:\/\/api.w.org\/{rel}","templated":true}]}}