{"id":10445,"date":"2022-03-10T10:00:00","date_gmt":"2022-03-10T10:00:00","guid":{"rendered":"https:\/\/www.opensolar.com\/post\/soluciones-sostenibles-a-la-ansiedad-climatica\/"},"modified":"2025-01-24T10:27:24","modified_gmt":"2025-01-24T10:27:24","slug":"soluciones-sostenibles-a-la-ansiedad-climatica","status":"publish","type":"post","link":"https:\/\/www.opensolar.com\/es\/post\/soluciones-sostenibles-a-la-ansiedad-climatica\/","title":{"rendered":"Soluciones sostenibles a la ansiedad clim\u00e1tica"},"content":{"rendered":"<section id=\"one-column-block_ad9055142b6e690a42f3acca2f1acaeb\" class=\"one-column bs-h-regular bs-tp-none bs-sp-regular bs-bp-regular light-mode  background-none\" style=\"\">\n\t<div class=\"block-style-default\">\n\t\t\t\t<div class=\"center-column no-top-padding\">\n\t\t\t\t\t\t\t\t\t\t\t\t\t\t\t\t\t\t<div class=\"artwork\" style=\"max-width: px;\">\n\t\t\t\t\t\t\t<figure>\n\t\t\t\t\t\t\t\t<a href=\"https:\/\/www.audible.com\/pd\/Climate-of-Change-with-Cate-Blanchett-and-Danny-Kennedy-Podcast\/B09WF8DHQR\">\t\t\t\t\t\t\t\t\t<img decoding=\"async\" src=\"https:\/\/i0.wp.com\/www.opensolar.com\/wp-content\/uploads\/2022\/03\/3c1a6b_3129f74e71fc4dde85251db8f25eda09mv2-1.webp?fit=782%2C440&#038;quality=80&#038;ssl=1\" alt=\"\" \/>\n\t\t\t\t\t\t\t\t<\/a>\t\t\t\t\t\t\t<\/figure>\n\t\t\t\t\t\t<\/div>\n\t\t\t\t\t\t\t\t\t\t\t\t\t\t\t\t\t\t\t\t<div class=\"text-space left\">\n\t\t\t\t\t\t\t\t\t\t\t\t\t\t\t\t\t\t\t\t\t<div class=\"text light-mode\"><p id=\"viewer-mjbi\">Cate Blanchett y yo hicimos el podcast original de Audible<a href=\"https:\/\/www.audible.com\/pd\/Climate-of-Change-with-Cate-Blanchett-and-Danny-Kennedy-Podcast\/B09WF8DHQR\" target=\"_blank\" rel=\"noopener noreferrer\" data-hook=\"linkViewer\">\u00abClima de Cambio<\/a>\u00bb para llevar a la gente un poco de esperanza ante la crisis clim\u00e1tica. Sabemos por estudios de la ciencia del cerebro que la \u00abcorriente\u00bb de comunicaciones sobre el clima que recibimos en nuestros medios sociales y en la prensa convencional apaga literalmente el neoc\u00f3rtex o cerebro frontal de las personas.<\/p>\n<p>Cuando el ser humano se enfrenta a una amenaza abrumadora, su cerebro reptiliano y su sistema l\u00edmbico entran en acci\u00f3n. Estas partes del cerebro controlan nuestra respuesta de lucha o huida y pueden hacernos entrar en p\u00e1nico. Para responder al cambio clim\u00e1tico, tenemos que aprovechar las partes creativas de nuestro cerebro. Todos los mensajes sobre la fatalidad y la destrucci\u00f3n est\u00e1n desactivando nuestras mentes creativas y nos mantienen paralizados. Dicho esto, los seres humanos no estamos preparados para hacer frente a la lenta combusti\u00f3n de esta emergencia clim\u00e1tica. Lo que sabemos sobre las comunicaciones y la adopci\u00f3n de medidas ante una amenaza existencial es que un mensaje firme y fortalecedor infunde el deseo y la capacidad de actuar incluso m\u00e1s que asustar a la gente con un problema. Por eso soy tan fan de OpenSolar. Facilita el acceso a las ventajas de la energ\u00eda solar -tanto a contratistas como a clientes- y les permite actuar f\u00e1cilmente como parte de esta estrategia de soluci\u00f3n. A medida que la crisis clim\u00e1tica crezca -y lamentablemente lo har\u00e1-, el hogar medio buscar\u00e1 qu\u00e9 hacer para evitar este problema y emprender acciones colectivas. Apoyarse en la energ\u00eda solar como soluci\u00f3n clim\u00e1tica es uno de los mejores trabajos de ventas y marketing que puede hacer un contratista. La plataforma de OpenSolar facilita esa labor ofreciendo las herramientas y recursos que los instaladores necesitan para poner de su parte en la soluci\u00f3n de la crisis clim\u00e1tica. \u00a1A brillar! <\/p>\n<\/div>\t\t\t\t\t\t<\/div>\n\t\t\t\t\t\t\t\t\t\t\t\t\t\t<\/div>\n\t<\/div>\n<\/section>","protected":false},"excerpt":{"rendered":"<p>Danny Kennedy explica por qu\u00e9 copresenta \u00abUn clima de cambio\u00bb: para aliviar la ansiedad clim\u00e1tica que todos sentimos y ofrecer soluciones manejables.<\/p>\n","protected":false},"author":3,"featured_media":4265,"comment_status":"open","ping_status":"open","sticky":false,"template":"","format":"standard","meta":{"_acf_changed":false,"footnotes":""},"categories":[878],"authors":[],"class_list":["post-10445","post","type-post","status-publish","format-standard","has-post-thumbnail","hentry","category-sin-categorizar"],"acf":[],"yoast_head":"<!-- This site is optimized with the Yoast SEO Premium plugin v26.6 (Yoast SEO v26.6) - https:\/\/yoast.com\/wordpress\/plugins\/seo\/ -->\n<title>Soluciones sostenibles a la ansiedad clim\u00e1tica | OpenSolar<\/title>\n<meta name=\"robots\" content=\"index, follow, max-snippet:-1, max-image-preview:large, max-video-preview:-1\" \/>\n<link rel=\"canonical\" href=\"https:\/\/www.opensolar.com\/es\/post\/soluciones-sostenibles-a-la-ansiedad-climatica\/\" \/>\n<meta property=\"og:locale\" content=\"es_ES\" \/>\n<meta property=\"og:type\" content=\"article\" \/>\n<meta property=\"og:title\" content=\"Soluciones sostenibles a la ansiedad clim\u00e1tica\" \/>\n<meta property=\"og:description\" content=\"Danny Kennedy explica por qu\u00e9 copresenta &quot;Un clima de cambio&quot;: para aliviar la ansiedad clim\u00e1tica que todos sentimos y ofrecer soluciones manejables.\" \/>\n<meta property=\"og:url\" content=\"https:\/\/www.opensolar.com\/es\/post\/soluciones-sostenibles-a-la-ansiedad-climatica\/\" \/>\n<meta property=\"og:site_name\" content=\"OpenSolar\" \/>\n<meta property=\"article:publisher\" content=\"https:\/\/www.facebook.com\/OpenSolarGlobal\/\" \/>\n<meta property=\"article:published_time\" content=\"2022-03-10T10:00:00+00:00\" \/>\n<meta property=\"article:modified_time\" content=\"2025-01-24T10:27:24+00:00\" \/>\n<meta property=\"og:image\" content=\"https:\/\/www.opensolar.com\/wp-content\/uploads\/2022\/03\/3c1a6b_3129f74e71fc4dde85251db8f25eda09mv2.webp\" \/>\n\t<meta property=\"og:image:width\" content=\"746\" \/>\n\t<meta property=\"og:image:height\" content=\"420\" \/>\n\t<meta property=\"og:image:type\" content=\"image\/webp\" \/>\n<meta name=\"twitter:card\" content=\"summary_large_image\" \/>\n<meta name=\"twitter:creator\" content=\"@opensolar\" \/>\n<meta name=\"twitter:site\" content=\"@opensolar\" \/>\n<script type=\"application\/ld+json\" class=\"yoast-schema-graph\">{\"@context\":\"https:\/\/schema.org\",\"@graph\":[{\"@type\":[\"Article\",\"BlogPosting\"],\"@id\":\"https:\/\/www.opensolar.com\/es\/post\/soluciones-sostenibles-a-la-ansiedad-climatica\/#article\",\"isPartOf\":{\"@id\":\"https:\/\/www.opensolar.com\/es\/post\/soluciones-sostenibles-a-la-ansiedad-climatica\/\"},\"author\":{\"name\":\"Ivan Semak\",\"@id\":\"https:\/\/www.opensolar.com\/es\/#\/schema\/person\/8c70ef663cc61e3f86b7d9905bcd0380\"},\"headline\":\"Soluciones sostenibles a la ansiedad clim\u00e1tica\",\"datePublished\":\"2022-03-10T10:00:00+00:00\",\"dateModified\":\"2025-01-24T10:27:24+00:00\",\"mainEntityOfPage\":{\"@id\":\"https:\/\/www.opensolar.com\/es\/post\/soluciones-sostenibles-a-la-ansiedad-climatica\/\"},\"wordCount\":7,\"commentCount\":0,\"publisher\":{\"@id\":\"https:\/\/www.opensolar.com\/es\/#organization\"},\"image\":{\"@id\":\"https:\/\/www.opensolar.com\/es\/post\/soluciones-sostenibles-a-la-ansiedad-climatica\/#primaryimage\"},\"thumbnailUrl\":\"https:\/\/i0.wp.com\/www.opensolar.com\/wp-content\/uploads\/2022\/03\/3c1a6b_3129f74e71fc4dde85251db8f25eda09mv2.webp?fit=746%2C420&quality=80&ssl=1\",\"articleSection\":[\"Sin categorizar\"],\"inLanguage\":\"es\",\"potentialAction\":[{\"@type\":\"CommentAction\",\"name\":\"Comment\",\"target\":[\"https:\/\/www.opensolar.com\/es\/post\/soluciones-sostenibles-a-la-ansiedad-climatica\/#respond\"]}]},{\"@type\":\"WebPage\",\"@id\":\"https:\/\/www.opensolar.com\/es\/post\/soluciones-sostenibles-a-la-ansiedad-climatica\/\",\"url\":\"https:\/\/www.opensolar.com\/es\/post\/soluciones-sostenibles-a-la-ansiedad-climatica\/\",\"name\":\"Soluciones sostenibles a la ansiedad clim\u00e1tica | OpenSolar\",\"isPartOf\":{\"@id\":\"https:\/\/www.opensolar.com\/es\/#website\"},\"primaryImageOfPage\":{\"@id\":\"https:\/\/www.opensolar.com\/es\/post\/soluciones-sostenibles-a-la-ansiedad-climatica\/#primaryimage\"},\"image\":{\"@id\":\"https:\/\/www.opensolar.com\/es\/post\/soluciones-sostenibles-a-la-ansiedad-climatica\/#primaryimage\"},\"thumbnailUrl\":\"https:\/\/i0.wp.com\/www.opensolar.com\/wp-content\/uploads\/2022\/03\/3c1a6b_3129f74e71fc4dde85251db8f25eda09mv2.webp?fit=746%2C420&quality=80&ssl=1\",\"datePublished\":\"2022-03-10T10:00:00+00:00\",\"dateModified\":\"2025-01-24T10:27:24+00:00\",\"breadcrumb\":{\"@id\":\"https:\/\/www.opensolar.com\/es\/post\/soluciones-sostenibles-a-la-ansiedad-climatica\/#breadcrumb\"},\"inLanguage\":\"es\",\"potentialAction\":[{\"@type\":\"ReadAction\",\"target\":[\"https:\/\/www.opensolar.com\/es\/post\/soluciones-sostenibles-a-la-ansiedad-climatica\/\"]}]},{\"@type\":\"ImageObject\",\"inLanguage\":\"es\",\"@id\":\"https:\/\/www.opensolar.com\/es\/post\/soluciones-sostenibles-a-la-ansiedad-climatica\/#primaryimage\",\"url\":\"https:\/\/i0.wp.com\/www.opensolar.com\/wp-content\/uploads\/2022\/03\/3c1a6b_3129f74e71fc4dde85251db8f25eda09mv2.webp?fit=746%2C420&quality=80&ssl=1\",\"contentUrl\":\"https:\/\/i0.wp.com\/www.opensolar.com\/wp-content\/uploads\/2022\/03\/3c1a6b_3129f74e71fc4dde85251db8f25eda09mv2.webp?fit=746%2C420&quality=80&ssl=1\",\"width\":746,\"height\":420},{\"@type\":\"BreadcrumbList\",\"@id\":\"https:\/\/www.opensolar.com\/es\/post\/soluciones-sostenibles-a-la-ansiedad-climatica\/#breadcrumb\",\"itemListElement\":[{\"@type\":\"ListItem\",\"position\":1,\"name\":\"Home\",\"item\":\"https:\/\/www.opensolar.com\/es\/\"},{\"@type\":\"ListItem\",\"position\":2,\"name\":\"Soluciones sostenibles a la ansiedad clim\u00e1tica\"}]},{\"@type\":\"WebSite\",\"@id\":\"https:\/\/www.opensolar.com\/es\/#website\",\"url\":\"https:\/\/www.opensolar.com\/es\/\",\"name\":\"OpenSolar\",\"description\":\"Solar Design And Proposal Software\",\"publisher\":{\"@id\":\"https:\/\/www.opensolar.com\/es\/#organization\"},\"potentialAction\":[{\"@type\":\"SearchAction\",\"target\":{\"@type\":\"EntryPoint\",\"urlTemplate\":\"https:\/\/www.opensolar.com\/es\/?s={search_term_string}\"},\"query-input\":{\"@type\":\"PropertyValueSpecification\",\"valueRequired\":true,\"valueName\":\"search_term_string\"}}],\"inLanguage\":\"es\"},{\"@type\":\"Organization\",\"@id\":\"https:\/\/www.opensolar.com\/es\/#organization\",\"name\":\"OpenSolar\",\"url\":\"https:\/\/www.opensolar.com\/es\/\",\"logo\":{\"@type\":\"ImageObject\",\"inLanguage\":\"es\",\"@id\":\"https:\/\/www.opensolar.com\/es\/#\/schema\/logo\/image\/\",\"url\":\"https:\/\/www.opensolar.com\/wp-content\/uploads\/2026\/03\/OpenSolar-Horizontal-Color.svg\",\"contentUrl\":\"https:\/\/www.opensolar.com\/wp-content\/uploads\/2026\/03\/OpenSolar-Horizontal-Color.svg\",\"caption\":\"OpenSolar\"},\"image\":{\"@id\":\"https:\/\/www.opensolar.com\/es\/#\/schema\/logo\/image\/\"},\"sameAs\":[\"https:\/\/www.facebook.com\/OpenSolarGlobal\/\",\"https:\/\/x.com\/opensolar\",\"https:\/\/www.instagram.com\/open.solar\/\",\"https:\/\/www.linkedin.com\/company\/14522819\",\"https:\/\/www.youtube.com\/channel\/UCw3mdQ_ilIq9ZrPpCa_VOnA\/videos\"],\"description\":\"The world's leading solar design and proposal software. Free of charge so you're free to grow.\"},{\"@type\":\"Person\",\"@id\":\"https:\/\/www.opensolar.com\/es\/#\/schema\/person\/8c70ef663cc61e3f86b7d9905bcd0380\",\"name\":\"Ivan Semak\",\"image\":{\"@type\":\"ImageObject\",\"inLanguage\":\"es\",\"@id\":\"https:\/\/www.opensolar.com\/es\/#\/schema\/person\/image\/\",\"url\":\"https:\/\/secure.gravatar.com\/avatar\/79747875d9219da30849e66c71deea0b395a4376acd4846c9ce12c5ccafd9504?s=96&d=mm&r=g\",\"contentUrl\":\"https:\/\/secure.gravatar.com\/avatar\/79747875d9219da30849e66c71deea0b395a4376acd4846c9ce12c5ccafd9504?s=96&d=mm&r=g\",\"caption\":\"Ivan Semak\"}}]}<\/script>\n<!-- \/ Yoast SEO Premium plugin. -->","yoast_head_json":{"title":"Soluciones sostenibles a la ansiedad clim\u00e1tica | OpenSolar","robots":{"index":"index","follow":"follow","max-snippet":"max-snippet:-1","max-image-preview":"max-image-preview:large","max-video-preview":"max-video-preview:-1"},"canonical":"https:\/\/www.opensolar.com\/es\/post\/soluciones-sostenibles-a-la-ansiedad-climatica\/","og_locale":"es_ES","og_type":"article","og_title":"Soluciones sostenibles a la ansiedad clim\u00e1tica","og_description":"Danny Kennedy explica por qu\u00e9 copresenta \"Un clima de cambio\": para aliviar la ansiedad clim\u00e1tica que todos sentimos y ofrecer soluciones manejables.","og_url":"https:\/\/www.opensolar.com\/es\/post\/soluciones-sostenibles-a-la-ansiedad-climatica\/","og_site_name":"OpenSolar","article_publisher":"https:\/\/www.facebook.com\/OpenSolarGlobal\/","article_published_time":"2022-03-10T10:00:00+00:00","article_modified_time":"2025-01-24T10:27:24+00:00","og_image":[{"width":746,"height":420,"url":"https:\/\/www.opensolar.com\/wp-content\/uploads\/2022\/03\/3c1a6b_3129f74e71fc4dde85251db8f25eda09mv2.webp","type":"image\/webp"}],"twitter_card":"summary_large_image","twitter_creator":"@opensolar","twitter_site":"@opensolar","schema":{"@context":"https:\/\/schema.org","@graph":[{"@type":["Article","BlogPosting"],"@id":"https:\/\/www.opensolar.com\/es\/post\/soluciones-sostenibles-a-la-ansiedad-climatica\/#article","isPartOf":{"@id":"https:\/\/www.opensolar.com\/es\/post\/soluciones-sostenibles-a-la-ansiedad-climatica\/"},"author":{"name":"Ivan Semak","@id":"https:\/\/www.opensolar.com\/es\/#\/schema\/person\/8c70ef663cc61e3f86b7d9905bcd0380"},"headline":"Soluciones sostenibles a la ansiedad clim\u00e1tica","datePublished":"2022-03-10T10:00:00+00:00","dateModified":"2025-01-24T10:27:24+00:00","mainEntityOfPage":{"@id":"https:\/\/www.opensolar.com\/es\/post\/soluciones-sostenibles-a-la-ansiedad-climatica\/"},"wordCount":7,"commentCount":0,"publisher":{"@id":"https:\/\/www.opensolar.com\/es\/#organization"},"image":{"@id":"https:\/\/www.opensolar.com\/es\/post\/soluciones-sostenibles-a-la-ansiedad-climatica\/#primaryimage"},"thumbnailUrl":"https:\/\/i0.wp.com\/www.opensolar.com\/wp-content\/uploads\/2022\/03\/3c1a6b_3129f74e71fc4dde85251db8f25eda09mv2.webp?fit=746%2C420&quality=80&ssl=1","articleSection":["Sin categorizar"],"inLanguage":"es","potentialAction":[{"@type":"CommentAction","name":"Comment","target":["https:\/\/www.opensolar.com\/es\/post\/soluciones-sostenibles-a-la-ansiedad-climatica\/#respond"]}]},{"@type":"WebPage","@id":"https:\/\/www.opensolar.com\/es\/post\/soluciones-sostenibles-a-la-ansiedad-climatica\/","url":"https:\/\/www.opensolar.com\/es\/post\/soluciones-sostenibles-a-la-ansiedad-climatica\/","name":"Soluciones sostenibles a la ansiedad clim\u00e1tica | OpenSolar","isPartOf":{"@id":"https:\/\/www.opensolar.com\/es\/#website"},"primaryImageOfPage":{"@id":"https:\/\/www.opensolar.com\/es\/post\/soluciones-sostenibles-a-la-ansiedad-climatica\/#primaryimage"},"image":{"@id":"https:\/\/www.opensolar.com\/es\/post\/soluciones-sostenibles-a-la-ansiedad-climatica\/#primaryimage"},"thumbnailUrl":"https:\/\/i0.wp.com\/www.opensolar.com\/wp-content\/uploads\/2022\/03\/3c1a6b_3129f74e71fc4dde85251db8f25eda09mv2.webp?fit=746%2C420&quality=80&ssl=1","datePublished":"2022-03-10T10:00:00+00:00","dateModified":"2025-01-24T10:27:24+00:00","breadcrumb":{"@id":"https:\/\/www.opensolar.com\/es\/post\/soluciones-sostenibles-a-la-ansiedad-climatica\/#breadcrumb"},"inLanguage":"es","potentialAction":[{"@type":"ReadAction","target":["https:\/\/www.opensolar.com\/es\/post\/soluciones-sostenibles-a-la-ansiedad-climatica\/"]}]},{"@type":"ImageObject","inLanguage":"es","@id":"https:\/\/www.opensolar.com\/es\/post\/soluciones-sostenibles-a-la-ansiedad-climatica\/#primaryimage","url":"https:\/\/i0.wp.com\/www.opensolar.com\/wp-content\/uploads\/2022\/03\/3c1a6b_3129f74e71fc4dde85251db8f25eda09mv2.webp?fit=746%2C420&quality=80&ssl=1","contentUrl":"https:\/\/i0.wp.com\/www.opensolar.com\/wp-content\/uploads\/2022\/03\/3c1a6b_3129f74e71fc4dde85251db8f25eda09mv2.webp?fit=746%2C420&quality=80&ssl=1","width":746,"height":420},{"@type":"BreadcrumbList","@id":"https:\/\/www.opensolar.com\/es\/post\/soluciones-sostenibles-a-la-ansiedad-climatica\/#breadcrumb","itemListElement":[{"@type":"ListItem","position":1,"name":"Home","item":"https:\/\/www.opensolar.com\/es\/"},{"@type":"ListItem","position":2,"name":"Soluciones sostenibles a la ansiedad clim\u00e1tica"}]},{"@type":"WebSite","@id":"https:\/\/www.opensolar.com\/es\/#website","url":"https:\/\/www.opensolar.com\/es\/","name":"OpenSolar","description":"Solar Design And Proposal Software","publisher":{"@id":"https:\/\/www.opensolar.com\/es\/#organization"},"potentialAction":[{"@type":"SearchAction","target":{"@type":"EntryPoint","urlTemplate":"https:\/\/www.opensolar.com\/es\/?s={search_term_string}"},"query-input":{"@type":"PropertyValueSpecification","valueRequired":true,"valueName":"search_term_string"}}],"inLanguage":"es"},{"@type":"Organization","@id":"https:\/\/www.opensolar.com\/es\/#organization","name":"OpenSolar","url":"https:\/\/www.opensolar.com\/es\/","logo":{"@type":"ImageObject","inLanguage":"es","@id":"https:\/\/www.opensolar.com\/es\/#\/schema\/logo\/image\/","url":"https:\/\/www.opensolar.com\/wp-content\/uploads\/2026\/03\/OpenSolar-Horizontal-Color.svg","contentUrl":"https:\/\/www.opensolar.com\/wp-content\/uploads\/2026\/03\/OpenSolar-Horizontal-Color.svg","caption":"OpenSolar"},"image":{"@id":"https:\/\/www.opensolar.com\/es\/#\/schema\/logo\/image\/"},"sameAs":["https:\/\/www.facebook.com\/OpenSolarGlobal\/","https:\/\/x.com\/opensolar","https:\/\/www.instagram.com\/open.solar\/","https:\/\/www.linkedin.com\/company\/14522819","https:\/\/www.youtube.com\/channel\/UCw3mdQ_ilIq9ZrPpCa_VOnA\/videos"],"description":"The world's leading solar design and proposal software. Free of charge so you're free to grow."},{"@type":"Person","@id":"https:\/\/www.opensolar.com\/es\/#\/schema\/person\/8c70ef663cc61e3f86b7d9905bcd0380","name":"Ivan Semak","image":{"@type":"ImageObject","inLanguage":"es","@id":"https:\/\/www.opensolar.com\/es\/#\/schema\/person\/image\/","url":"https:\/\/secure.gravatar.com\/avatar\/79747875d9219da30849e66c71deea0b395a4376acd4846c9ce12c5ccafd9504?s=96&d=mm&r=g","contentUrl":"https:\/\/secure.gravatar.com\/avatar\/79747875d9219da30849e66c71deea0b395a4376acd4846c9ce12c5ccafd9504?s=96&d=mm&r=g","caption":"Ivan Semak"}}]}},"jetpack_featured_media_url":"https:\/\/i0.wp.com\/www.opensolar.com\/wp-content\/uploads\/2022\/03\/3c1a6b_3129f74e71fc4dde85251db8f25eda09mv2.webp?fit=746%2C420&quality=80&ssl=1","_links":{"self":[{"href":"https:\/\/www.opensolar.com\/es\/wp-json\/wp\/v2\/posts\/10445","targetHints":{"allow":["GET"]}}],"collection":[{"href":"https:\/\/www.opensolar.com\/es\/wp-json\/wp\/v2\/posts"}],"about":[{"href":"https:\/\/www.opensolar.com\/es\/wp-json\/wp\/v2\/types\/post"}],"author":[{"embeddable":true,"href":"https:\/\/www.opensolar.com\/es\/wp-json\/wp\/v2\/users\/3"}],"replies":[{"embeddable":true,"href":"https:\/\/www.opensolar.com\/es\/wp-json\/wp\/v2\/comments?post=10445"}],"version-history":[{"count":0,"href":"https:\/\/www.opensolar.com\/es\/wp-json\/wp\/v2\/posts\/10445\/revisions"}],"wp:featuredmedia":[{"embeddable":true,"href":"https:\/\/www.opensolar.com\/es\/wp-json\/wp\/v2\/media\/4265"}],"wp:attachment":[{"href":"https:\/\/www.opensolar.com\/es\/wp-json\/wp\/v2\/media?parent=10445"}],"wp:term":[{"taxonomy":"category","embeddable":true,"href":"https:\/\/www.opensolar.com\/es\/wp-json\/wp\/v2\/categories?post=10445"},{"taxonomy":"authors","embeddable":true,"href":"https:\/\/www.opensolar.com\/es\/wp-json\/wp\/v2\/authors?post=10445"}],"curies":[{"name":"wp","href":"https:\/\/api.w.org\/{rel}","templated":true}]}}