{"id":10416,"date":"2021-11-04T10:00:00","date_gmt":"2021-11-04T10:00:00","guid":{"rendered":"https:\/\/www.opensolar.com\/post\/tornando-a-casa-dalla-cop26\/"},"modified":"2025-01-24T10:27:18","modified_gmt":"2025-01-24T10:27:18","slug":"tornando-a-casa-dalla-cop26","status":"publish","type":"post","link":"https:\/\/www.opensolar.com\/it\/post\/tornando-a-casa-dalla-cop26\/","title":{"rendered":"Tornando a casa dalla COP26"},"content":{"rendered":"<section id=\"one-column-block_89e73366cd4424616484fdcb19a2fae5\" class=\"one-column bs-h-regular bs-tp-none bs-sp-regular bs-bp-regular light-mode  background-none\" style=\"\">\n\t<div class=\"block-style-default\">\n\t\t\t\t<div class=\"center-column no-top-padding\">\n\t\t\t\t\t\t\t\t\t\t\t\t\t\t\t\t\t\t<div class=\"text-space left\">\n\t\t\t\t\t\t\t\t\t\t\t\t\t\t\t\t\t\t\t\t\t<div class=\"text light-mode\"><p id=\"viewer-foo\" class=\"xVISr Y9Dpf bCMSCT OZy-3 lnyWN yMZv8w bCMSCT public-DraftStyleDefault-block-depth0 fixed-tab-size public-DraftStyleDefault-text-ltr\"><span class=\"B2EFF public-DraftStyleDefault-ltr\">Mentre rifletto sui tre giorni frenetici della COP, mi rendo conto che a Glasgow si sono tenute due conferenze: una per i politici e un&#8217;altra (su &gt;100 sedi in tutta la citt\u00e0) per gli imprenditori.  <\/span><\/p>\n<\/div>\t\t\t\t\t\t<\/div>\n\t\t\t\t\t\t\t\t\t\t\t\t\t\t\t\t\t\t\t\t<div class=\"text-space left\">\n\t\t\t\t\t\t\t\t\t\t\t\t\t\t\t\t\t\t\t\t\t<div class=\"text light-mode\"><p id=\"viewer-b2tom\">Per quanto riguarda il primo aspetto, credo che per la 26esima volta vedremo i politici fallire nell&#8217;intraprendere azioni sufficienti e attuali; potrei sbagliarmi, ma non vedo la fine dei sussidi ai combustibili fossili in tempi brevi: non riescono a cogliere l&#8217;ovvio percorso pi\u00f9 pulito, pi\u00f9 economico e migliore.<\/p>\n<p>Ma possiamo vincere perch\u00e9 abbiamo quest&#8217;ultimo gruppo: gli imprenditori, i combattenti, le persone che si fanno in quattro ogni giorno per portarci a destinazione. Ripongo la mia speranza nell&#8217;immenso e diversificato potere delle migliaia di piccole imprese che risolvono i problemi, superano la concorrenza dei grandi malintenzionati e cambiano il futuro. Ci sono cos\u00ec tanti imprenditori appassionati che stanno facendo cos\u00ec tanto sotto i riflettori della copertura dei media COP e mi \u00e8 sembrato bello farne parte, lanciando 2.0 come una di queste innovazioni. Innovazioni che possono creare un cambiamento significativo &#8211; e farlo proprio qui in Scozia a nome del nostro fantastico team OpenSolar! \u00c8 stato fantastico! Grazie a tutti voi che avete partecipato al lancio della versione 2.0, provenienti da tutto il mondo &#8211; i professionisti del solare, gli eroi del solare. Spero che le nuove funzionalit\u00e0 e integrazioni ti siano piaciute! E ci sono altre novit\u00e0 in arrivo. Possiamo ancora vincere! Vinceremo, spero giusto in tempo per risolvere il problema del clima! Ecco la mia breve clip dalla conferenza dei politici, mentre mi congedo dalla Scozia fino alla prossima volta&#8230;    <\/p>\n<\/div>\t\t\t\t\t\t<\/div>\n\t\t\t\t\t\t\t\t\t\t\t\t\t\t<\/div>\n\t<\/div>\n<\/section>","protected":false},"excerpt":{"rendered":"<p>Mentre rifletto su tre giorni frenetici di COP, mi rendo conto che a Glasgow erano in corso due conferenze: una per&#8230;<\/p>\n","protected":false},"author":3,"featured_media":10417,"comment_status":"open","ping_status":"open","sticky":false,"template":"","format":"standard","meta":{"_acf_changed":false,"footnotes":""},"categories":[890],"authors":[],"class_list":["post-10416","post","type-post","status-publish","format-standard","has-post-thumbnail","hentry","category-non-categorizzato"],"acf":[],"yoast_head":"<!-- This site is optimized with the Yoast SEO Premium plugin v26.6 (Yoast SEO v26.6) - https:\/\/yoast.com\/wordpress\/plugins\/seo\/ -->\n<title>Tornando a casa dalla COP26 | OpenSolar<\/title>\n<meta name=\"robots\" content=\"index, follow, max-snippet:-1, max-image-preview:large, max-video-preview:-1\" \/>\n<link rel=\"canonical\" href=\"https:\/\/www.opensolar.com\/it\/post\/tornando-a-casa-dalla-cop26\/\" \/>\n<meta property=\"og:locale\" content=\"it_IT\" \/>\n<meta property=\"og:type\" content=\"article\" \/>\n<meta property=\"og:title\" content=\"Tornando a casa dalla COP26\" \/>\n<meta property=\"og:description\" content=\"Mentre rifletto su tre giorni frenetici di COP, mi rendo conto che a Glasgow erano in corso due conferenze: una per...\" \/>\n<meta property=\"og:url\" content=\"https:\/\/www.opensolar.com\/it\/post\/tornando-a-casa-dalla-cop26\/\" \/>\n<meta property=\"og:site_name\" content=\"OpenSolar\" \/>\n<meta property=\"article:publisher\" content=\"https:\/\/www.facebook.com\/OpenSolarGlobal\/\" \/>\n<meta property=\"article:published_time\" content=\"2021-11-04T10:00:00+00:00\" \/>\n<meta property=\"article:modified_time\" content=\"2025-01-24T10:27:18+00:00\" \/>\n<meta property=\"og:image\" content=\"https:\/\/www.opensolar.com\/wp-content\/uploads\/2021\/11\/cop26.png\" \/>\n\t<meta property=\"og:image:width\" content=\"1452\" \/>\n\t<meta property=\"og:image:height\" content=\"700\" \/>\n\t<meta property=\"og:image:type\" content=\"image\/png\" \/>\n<meta name=\"twitter:card\" content=\"summary_large_image\" \/>\n<meta name=\"twitter:creator\" content=\"@opensolar\" \/>\n<meta name=\"twitter:site\" content=\"@opensolar\" \/>\n<script type=\"application\/ld+json\" class=\"yoast-schema-graph\">{\"@context\":\"https:\/\/schema.org\",\"@graph\":[{\"@type\":[\"Article\",\"BlogPosting\"],\"@id\":\"https:\/\/www.opensolar.com\/it\/post\/tornando-a-casa-dalla-cop26\/#article\",\"isPartOf\":{\"@id\":\"https:\/\/www.opensolar.com\/it\/post\/tornando-a-casa-dalla-cop26\/\"},\"author\":{\"name\":\"Ivan Semak\",\"@id\":\"https:\/\/www.opensolar.com\/it\/#\/schema\/person\/8c70ef663cc61e3f86b7d9905bcd0380\"},\"headline\":\"Tornando a casa dalla COP26\",\"datePublished\":\"2021-11-04T10:00:00+00:00\",\"dateModified\":\"2025-01-24T10:27:18+00:00\",\"mainEntityOfPage\":{\"@id\":\"https:\/\/www.opensolar.com\/it\/post\/tornando-a-casa-dalla-cop26\/\"},\"wordCount\":5,\"commentCount\":0,\"publisher\":{\"@id\":\"https:\/\/www.opensolar.com\/it\/#organization\"},\"image\":{\"@id\":\"https:\/\/www.opensolar.com\/it\/post\/tornando-a-casa-dalla-cop26\/#primaryimage\"},\"thumbnailUrl\":\"https:\/\/i0.wp.com\/www.opensolar.com\/wp-content\/uploads\/2021\/11\/cop26.png?fit=1452%2C700&quality=80&ssl=1\",\"articleSection\":[\"Non categorizzato\"],\"inLanguage\":\"it-IT\",\"potentialAction\":[{\"@type\":\"CommentAction\",\"name\":\"Comment\",\"target\":[\"https:\/\/www.opensolar.com\/it\/post\/tornando-a-casa-dalla-cop26\/#respond\"]}]},{\"@type\":\"WebPage\",\"@id\":\"https:\/\/www.opensolar.com\/it\/post\/tornando-a-casa-dalla-cop26\/\",\"url\":\"https:\/\/www.opensolar.com\/it\/post\/tornando-a-casa-dalla-cop26\/\",\"name\":\"Tornando a casa dalla COP26 | OpenSolar\",\"isPartOf\":{\"@id\":\"https:\/\/www.opensolar.com\/it\/#website\"},\"primaryImageOfPage\":{\"@id\":\"https:\/\/www.opensolar.com\/it\/post\/tornando-a-casa-dalla-cop26\/#primaryimage\"},\"image\":{\"@id\":\"https:\/\/www.opensolar.com\/it\/post\/tornando-a-casa-dalla-cop26\/#primaryimage\"},\"thumbnailUrl\":\"https:\/\/i0.wp.com\/www.opensolar.com\/wp-content\/uploads\/2021\/11\/cop26.png?fit=1452%2C700&quality=80&ssl=1\",\"datePublished\":\"2021-11-04T10:00:00+00:00\",\"dateModified\":\"2025-01-24T10:27:18+00:00\",\"breadcrumb\":{\"@id\":\"https:\/\/www.opensolar.com\/it\/post\/tornando-a-casa-dalla-cop26\/#breadcrumb\"},\"inLanguage\":\"it-IT\",\"potentialAction\":[{\"@type\":\"ReadAction\",\"target\":[\"https:\/\/www.opensolar.com\/it\/post\/tornando-a-casa-dalla-cop26\/\"]}]},{\"@type\":\"ImageObject\",\"inLanguage\":\"it-IT\",\"@id\":\"https:\/\/www.opensolar.com\/it\/post\/tornando-a-casa-dalla-cop26\/#primaryimage\",\"url\":\"https:\/\/i0.wp.com\/www.opensolar.com\/wp-content\/uploads\/2021\/11\/cop26.png?fit=1452%2C700&quality=80&ssl=1\",\"contentUrl\":\"https:\/\/i0.wp.com\/www.opensolar.com\/wp-content\/uploads\/2021\/11\/cop26.png?fit=1452%2C700&quality=80&ssl=1\",\"width\":1452,\"height\":700},{\"@type\":\"BreadcrumbList\",\"@id\":\"https:\/\/www.opensolar.com\/it\/post\/tornando-a-casa-dalla-cop26\/#breadcrumb\",\"itemListElement\":[{\"@type\":\"ListItem\",\"position\":1,\"name\":\"Home\",\"item\":\"https:\/\/www.opensolar.com\/it\/\"},{\"@type\":\"ListItem\",\"position\":2,\"name\":\"Tornando a casa dalla COP26\"}]},{\"@type\":\"WebSite\",\"@id\":\"https:\/\/www.opensolar.com\/it\/#website\",\"url\":\"https:\/\/www.opensolar.com\/it\/\",\"name\":\"OpenSolar\",\"description\":\"Solar Design And Proposal Software\",\"publisher\":{\"@id\":\"https:\/\/www.opensolar.com\/it\/#organization\"},\"potentialAction\":[{\"@type\":\"SearchAction\",\"target\":{\"@type\":\"EntryPoint\",\"urlTemplate\":\"https:\/\/www.opensolar.com\/it\/?s={search_term_string}\"},\"query-input\":{\"@type\":\"PropertyValueSpecification\",\"valueRequired\":true,\"valueName\":\"search_term_string\"}}],\"inLanguage\":\"it-IT\"},{\"@type\":\"Organization\",\"@id\":\"https:\/\/www.opensolar.com\/it\/#organization\",\"name\":\"OpenSolar\",\"url\":\"https:\/\/www.opensolar.com\/it\/\",\"logo\":{\"@type\":\"ImageObject\",\"inLanguage\":\"it-IT\",\"@id\":\"https:\/\/www.opensolar.com\/it\/#\/schema\/logo\/image\/\",\"url\":\"https:\/\/www.opensolar.com\/wp-content\/uploads\/2026\/03\/OpenSolar-Horizontal-Color.svg\",\"contentUrl\":\"https:\/\/www.opensolar.com\/wp-content\/uploads\/2026\/03\/OpenSolar-Horizontal-Color.svg\",\"caption\":\"OpenSolar\"},\"image\":{\"@id\":\"https:\/\/www.opensolar.com\/it\/#\/schema\/logo\/image\/\"},\"sameAs\":[\"https:\/\/www.facebook.com\/OpenSolarGlobal\/\",\"https:\/\/x.com\/opensolar\",\"https:\/\/www.instagram.com\/open.solar\/\",\"https:\/\/www.linkedin.com\/company\/14522819\",\"https:\/\/www.youtube.com\/channel\/UCw3mdQ_ilIq9ZrPpCa_VOnA\/videos\"],\"description\":\"The world's leading solar design and proposal software. Free of charge so you're free to grow.\"},{\"@type\":\"Person\",\"@id\":\"https:\/\/www.opensolar.com\/it\/#\/schema\/person\/8c70ef663cc61e3f86b7d9905bcd0380\",\"name\":\"Ivan Semak\",\"image\":{\"@type\":\"ImageObject\",\"inLanguage\":\"it-IT\",\"@id\":\"https:\/\/www.opensolar.com\/it\/#\/schema\/person\/image\/\",\"url\":\"https:\/\/secure.gravatar.com\/avatar\/79747875d9219da30849e66c71deea0b395a4376acd4846c9ce12c5ccafd9504?s=96&d=mm&r=g\",\"contentUrl\":\"https:\/\/secure.gravatar.com\/avatar\/79747875d9219da30849e66c71deea0b395a4376acd4846c9ce12c5ccafd9504?s=96&d=mm&r=g\",\"caption\":\"Ivan Semak\"}}]}<\/script>\n<!-- \/ Yoast SEO Premium plugin. -->","yoast_head_json":{"title":"Tornando a casa dalla COP26 | OpenSolar","robots":{"index":"index","follow":"follow","max-snippet":"max-snippet:-1","max-image-preview":"max-image-preview:large","max-video-preview":"max-video-preview:-1"},"canonical":"https:\/\/www.opensolar.com\/it\/post\/tornando-a-casa-dalla-cop26\/","og_locale":"it_IT","og_type":"article","og_title":"Tornando a casa dalla COP26","og_description":"Mentre rifletto su tre giorni frenetici di COP, mi rendo conto che a Glasgow erano in corso due conferenze: una per...","og_url":"https:\/\/www.opensolar.com\/it\/post\/tornando-a-casa-dalla-cop26\/","og_site_name":"OpenSolar","article_publisher":"https:\/\/www.facebook.com\/OpenSolarGlobal\/","article_published_time":"2021-11-04T10:00:00+00:00","article_modified_time":"2025-01-24T10:27:18+00:00","og_image":[{"width":1452,"height":700,"url":"https:\/\/www.opensolar.com\/wp-content\/uploads\/2021\/11\/cop26.png","type":"image\/png"}],"twitter_card":"summary_large_image","twitter_creator":"@opensolar","twitter_site":"@opensolar","schema":{"@context":"https:\/\/schema.org","@graph":[{"@type":["Article","BlogPosting"],"@id":"https:\/\/www.opensolar.com\/it\/post\/tornando-a-casa-dalla-cop26\/#article","isPartOf":{"@id":"https:\/\/www.opensolar.com\/it\/post\/tornando-a-casa-dalla-cop26\/"},"author":{"name":"Ivan Semak","@id":"https:\/\/www.opensolar.com\/it\/#\/schema\/person\/8c70ef663cc61e3f86b7d9905bcd0380"},"headline":"Tornando a casa dalla COP26","datePublished":"2021-11-04T10:00:00+00:00","dateModified":"2025-01-24T10:27:18+00:00","mainEntityOfPage":{"@id":"https:\/\/www.opensolar.com\/it\/post\/tornando-a-casa-dalla-cop26\/"},"wordCount":5,"commentCount":0,"publisher":{"@id":"https:\/\/www.opensolar.com\/it\/#organization"},"image":{"@id":"https:\/\/www.opensolar.com\/it\/post\/tornando-a-casa-dalla-cop26\/#primaryimage"},"thumbnailUrl":"https:\/\/i0.wp.com\/www.opensolar.com\/wp-content\/uploads\/2021\/11\/cop26.png?fit=1452%2C700&quality=80&ssl=1","articleSection":["Non categorizzato"],"inLanguage":"it-IT","potentialAction":[{"@type":"CommentAction","name":"Comment","target":["https:\/\/www.opensolar.com\/it\/post\/tornando-a-casa-dalla-cop26\/#respond"]}]},{"@type":"WebPage","@id":"https:\/\/www.opensolar.com\/it\/post\/tornando-a-casa-dalla-cop26\/","url":"https:\/\/www.opensolar.com\/it\/post\/tornando-a-casa-dalla-cop26\/","name":"Tornando a casa dalla COP26 | OpenSolar","isPartOf":{"@id":"https:\/\/www.opensolar.com\/it\/#website"},"primaryImageOfPage":{"@id":"https:\/\/www.opensolar.com\/it\/post\/tornando-a-casa-dalla-cop26\/#primaryimage"},"image":{"@id":"https:\/\/www.opensolar.com\/it\/post\/tornando-a-casa-dalla-cop26\/#primaryimage"},"thumbnailUrl":"https:\/\/i0.wp.com\/www.opensolar.com\/wp-content\/uploads\/2021\/11\/cop26.png?fit=1452%2C700&quality=80&ssl=1","datePublished":"2021-11-04T10:00:00+00:00","dateModified":"2025-01-24T10:27:18+00:00","breadcrumb":{"@id":"https:\/\/www.opensolar.com\/it\/post\/tornando-a-casa-dalla-cop26\/#breadcrumb"},"inLanguage":"it-IT","potentialAction":[{"@type":"ReadAction","target":["https:\/\/www.opensolar.com\/it\/post\/tornando-a-casa-dalla-cop26\/"]}]},{"@type":"ImageObject","inLanguage":"it-IT","@id":"https:\/\/www.opensolar.com\/it\/post\/tornando-a-casa-dalla-cop26\/#primaryimage","url":"https:\/\/i0.wp.com\/www.opensolar.com\/wp-content\/uploads\/2021\/11\/cop26.png?fit=1452%2C700&quality=80&ssl=1","contentUrl":"https:\/\/i0.wp.com\/www.opensolar.com\/wp-content\/uploads\/2021\/11\/cop26.png?fit=1452%2C700&quality=80&ssl=1","width":1452,"height":700},{"@type":"BreadcrumbList","@id":"https:\/\/www.opensolar.com\/it\/post\/tornando-a-casa-dalla-cop26\/#breadcrumb","itemListElement":[{"@type":"ListItem","position":1,"name":"Home","item":"https:\/\/www.opensolar.com\/it\/"},{"@type":"ListItem","position":2,"name":"Tornando a casa dalla COP26"}]},{"@type":"WebSite","@id":"https:\/\/www.opensolar.com\/it\/#website","url":"https:\/\/www.opensolar.com\/it\/","name":"OpenSolar","description":"Solar Design And Proposal Software","publisher":{"@id":"https:\/\/www.opensolar.com\/it\/#organization"},"potentialAction":[{"@type":"SearchAction","target":{"@type":"EntryPoint","urlTemplate":"https:\/\/www.opensolar.com\/it\/?s={search_term_string}"},"query-input":{"@type":"PropertyValueSpecification","valueRequired":true,"valueName":"search_term_string"}}],"inLanguage":"it-IT"},{"@type":"Organization","@id":"https:\/\/www.opensolar.com\/it\/#organization","name":"OpenSolar","url":"https:\/\/www.opensolar.com\/it\/","logo":{"@type":"ImageObject","inLanguage":"it-IT","@id":"https:\/\/www.opensolar.com\/it\/#\/schema\/logo\/image\/","url":"https:\/\/www.opensolar.com\/wp-content\/uploads\/2026\/03\/OpenSolar-Horizontal-Color.svg","contentUrl":"https:\/\/www.opensolar.com\/wp-content\/uploads\/2026\/03\/OpenSolar-Horizontal-Color.svg","caption":"OpenSolar"},"image":{"@id":"https:\/\/www.opensolar.com\/it\/#\/schema\/logo\/image\/"},"sameAs":["https:\/\/www.facebook.com\/OpenSolarGlobal\/","https:\/\/x.com\/opensolar","https:\/\/www.instagram.com\/open.solar\/","https:\/\/www.linkedin.com\/company\/14522819","https:\/\/www.youtube.com\/channel\/UCw3mdQ_ilIq9ZrPpCa_VOnA\/videos"],"description":"The world's leading solar design and proposal software. Free of charge so you're free to grow."},{"@type":"Person","@id":"https:\/\/www.opensolar.com\/it\/#\/schema\/person\/8c70ef663cc61e3f86b7d9905bcd0380","name":"Ivan Semak","image":{"@type":"ImageObject","inLanguage":"it-IT","@id":"https:\/\/www.opensolar.com\/it\/#\/schema\/person\/image\/","url":"https:\/\/secure.gravatar.com\/avatar\/79747875d9219da30849e66c71deea0b395a4376acd4846c9ce12c5ccafd9504?s=96&d=mm&r=g","contentUrl":"https:\/\/secure.gravatar.com\/avatar\/79747875d9219da30849e66c71deea0b395a4376acd4846c9ce12c5ccafd9504?s=96&d=mm&r=g","caption":"Ivan Semak"}}]}},"jetpack_featured_media_url":"https:\/\/i0.wp.com\/www.opensolar.com\/wp-content\/uploads\/2021\/11\/cop26.png?fit=1452%2C700&quality=80&ssl=1","_links":{"self":[{"href":"https:\/\/www.opensolar.com\/it\/wp-json\/wp\/v2\/posts\/10416","targetHints":{"allow":["GET"]}}],"collection":[{"href":"https:\/\/www.opensolar.com\/it\/wp-json\/wp\/v2\/posts"}],"about":[{"href":"https:\/\/www.opensolar.com\/it\/wp-json\/wp\/v2\/types\/post"}],"author":[{"embeddable":true,"href":"https:\/\/www.opensolar.com\/it\/wp-json\/wp\/v2\/users\/3"}],"replies":[{"embeddable":true,"href":"https:\/\/www.opensolar.com\/it\/wp-json\/wp\/v2\/comments?post=10416"}],"version-history":[{"count":0,"href":"https:\/\/www.opensolar.com\/it\/wp-json\/wp\/v2\/posts\/10416\/revisions"}],"wp:featuredmedia":[{"embeddable":true,"href":"https:\/\/www.opensolar.com\/it\/wp-json\/wp\/v2\/media\/10417"}],"wp:attachment":[{"href":"https:\/\/www.opensolar.com\/it\/wp-json\/wp\/v2\/media?parent=10416"}],"wp:term":[{"taxonomy":"category","embeddable":true,"href":"https:\/\/www.opensolar.com\/it\/wp-json\/wp\/v2\/categories?post=10416"},{"taxonomy":"authors","embeddable":true,"href":"https:\/\/www.opensolar.com\/it\/wp-json\/wp\/v2\/authors?post=10416"}],"curies":[{"name":"wp","href":"https:\/\/api.w.org\/{rel}","templated":true}]}}